{"id":31900,"date":"2019-03-28T13:15:11","date_gmt":"2019-03-28T13:15:11","guid":{"rendered":"https:\/\/www.logopediadomicilio.es\/quan-iniciar-el-tractament-logopedic-en-nens\/"},"modified":"2019-03-28T13:15:11","modified_gmt":"2019-03-28T13:15:11","slug":"quan-iniciar-el-tractament-logopedic-en-nens","status":"publish","type":"post","link":"https:\/\/www.logopediadomicilio.es\/ca\/quan-iniciar-el-tractament-logopedic-en-nens\/","title":{"rendered":"Quan iniciar el tractament logop\u00e8dic en nens"},"content":{"rendered":"<p>De vegades els pares i\/o mares no entenen els seus fills quan parlen, ja que aquests ometen alguns sons o els canvien per altres. Aquest \u00e9s un dels senyals d&#8217;alerta que poden fer sospitar els pares i mares que el seu fill presenta un retard de la parla o del llenguatge. En la majoria de casos aquestes dificultats es poden disminuir satisfact\u00f2riament si es detecten a temps i hi interv\u00e9 un logopeda. El logopeda \u00e9s el professional que s&#8217;ocupa del diagn\u00f2stic i el tractament dels trastorns que afecten el llenguatge, la veu, la parla i la degluci\u00f3.<\/p>\n<p>Des que emeten les primeres paraules al voltant de l&#8217;any, fins que aconsegueixen expressar-se verbalment sense cap dificultat, els nens desenvolupen el llenguatge. No obstant aix\u00f2, aquest no sempre evoluciona de manera adequada i en l&#8217;edat en qu\u00e8 s&#8217;ha d&#8217;haver adquirit de forma completa, al voltant dels cinc anys, es detecten s\u00edmptomes i evid\u00e8ncies de desajustos o retards que necessiten la intervenci\u00f3 directa d&#8217;un especialista per resoldre&#8217;ls. Per tant, \u00e9s important observar els infants des d&#8217;edats primerenques i veure com evoluciona el seu llenguatge, comprensi\u00f3, parla, degluci\u00f3 i veu.<\/p>\n<p>En aquest sentit, els logopedes apostem per la intervenci\u00f3 preco\u00e7 o primerenca amb independ\u00e8ncia de l&#8217;edat del nen sempre que hi hagi retards, perqu\u00e8 esperar el moment de l&#8217;adquisici\u00f3 de la lectura en complica el pron\u00f2stic. \u00c9s recomanable no esperar que el temps el corregeixi i acudir al logopeda perqu\u00e8 en faci una valoraci\u00f3 i comenci amb la intervenci\u00f3.<\/p>\n<p>Alguns dels s\u00edmptomes o senyals percebuts en nens entre 4 i 5 anys que alerten sobre possibles dificultats que ha de tractar un especialista de la logop\u00e8dia s\u00f3n:<\/p>\n<ul>\n<li>Parla infantilitzada, dif\u00edcil de comprendre per l&#8217;adult.<\/li>\n<li>El nen t\u00e9 un vocabulari redu\u00eft i tendeix a fer servir un llenguatge telegr\u00e0fic, amb abs\u00e8ncia d&#8217;articles i pronoms.<\/li>\n<li>Abusa dels gestos i la m\u00edmica per expressar-se.<\/li>\n<li>Omet determinats fonemes que no sap pronunciar (exemple en castell\u00e0: &#8220;pato&#8221; per &#8220;zapato&#8221; o &#8220;pato&#8221; per &#8220;plato&#8221;)<\/li>\n<li>Substitueix uns fonemes per uns altres que li resulten m\u00e9s f\u00e0cils de pronunciar (&#8220;tasa&#8221; per &#8220;casa&#8221;)<\/li>\n<li>Distorsiona el llenguatge i d\u00f3na lloc a paraules inintel\u00b7ligibles.<\/li>\n<li>Repeteix una s\u00edl\u00b7laba o diverses durant l&#8217;emissi\u00f3 d&#8217;una frase.<\/li>\n<li>No segueix els temes de conversa.<\/li>\n<li>Est\u00e0 ronc amb massa freq\u00fc\u00e8ncia.<\/li>\n<li>Respira amb la boca oberta.<\/li>\n<li>Es registren canvis dr\u00e0stics de la seva veu.<\/li>\n<\/ul>\n","protected":false},"excerpt":{"rendered":"<p>De vegades els pares i\/o mares no entenen els seus fills quan parlen, ja que aquests ometen alguns sons o els canvien per altres. Aquest \u00e9s un dels senyals d&#8217;alerta que poden fer sospitar els pares i mares que el seu fill presenta un retard de la parla o del llenguatge. En la majoria de<\/p>\n","protected":false},"author":1,"featured_media":0,"comment_status":"closed","ping_status":"closed","sticky":false,"template":"","format":"standard","meta":{"footnotes":""},"categories":[319],"tags":[],"class_list":["post-31900","post","type-post","status-publish","format-standard","hentry","category-prevencion-ca"],"_links":{"self":[{"href":"https:\/\/www.logopediadomicilio.es\/ca\/wp-json\/wp\/v2\/posts\/31900","targetHints":{"allow":["GET"]}}],"collection":[{"href":"https:\/\/www.logopediadomicilio.es\/ca\/wp-json\/wp\/v2\/posts"}],"about":[{"href":"https:\/\/www.logopediadomicilio.es\/ca\/wp-json\/wp\/v2\/types\/post"}],"author":[{"embeddable":true,"href":"https:\/\/www.logopediadomicilio.es\/ca\/wp-json\/wp\/v2\/users\/1"}],"replies":[{"embeddable":true,"href":"https:\/\/www.logopediadomicilio.es\/ca\/wp-json\/wp\/v2\/comments?post=31900"}],"version-history":[{"count":0,"href":"https:\/\/www.logopediadomicilio.es\/ca\/wp-json\/wp\/v2\/posts\/31900\/revisions"}],"wp:attachment":[{"href":"https:\/\/www.logopediadomicilio.es\/ca\/wp-json\/wp\/v2\/media?parent=31900"}],"wp:term":[{"taxonomy":"category","embeddable":true,"href":"https:\/\/www.logopediadomicilio.es\/ca\/wp-json\/wp\/v2\/categories?post=31900"},{"taxonomy":"post_tag","embeddable":true,"href":"https:\/\/www.logopediadomicilio.es\/ca\/wp-json\/wp\/v2\/tags?post=31900"}],"curies":[{"name":"wp","href":"https:\/\/api.w.org\/{rel}","templated":true}]}}